{"id":32,"date":"2025-02-04T08:34:48","date_gmt":"2025-02-04T07:34:48","guid":{"rendered":"https:\/\/collectifwalden.fr\/blog\/?p=32"},"modified":"2025-02-04T08:34:48","modified_gmt":"2025-02-04T07:34:48","slug":"notre-assemblee-generale-annuelle-cest-deja-demain-a-mulhouse","status":"publish","type":"post","link":"https:\/\/collectifwalden.fr\/blog\/notre-assemblee-generale-annuelle-cest-deja-demain-a-mulhouse\/","title":{"rendered":"Notre Assembl\u00e9e g\u00e9n\u00e9rale annuelle, c&rsquo;est d\u00e9j\u00e0 demain \u00e0 Mulhouse !"},"content":{"rendered":"\n<p><a href=\"https:\/\/www.linkedin.com\/feed\/update\/urn:li:activity:7292441915252174850\">https:\/\/www.linkedin.com\/feed\/update\/urn:li:activity:7292441915252174850<\/a><\/p>\n\n\n\n<figure class=\"wp-block-image size-large\"><img loading=\"lazy\" decoding=\"async\" width=\"1024\" height=\"579\" src=\"https:\/\/collectifwalden.fr\/blog\/wp-content\/uploads\/2025\/02\/ASS-GENERALE-WALDEN-040225-1024x579.jpg\" alt=\"\" class=\"wp-image-33\" srcset=\"https:\/\/collectifwalden.fr\/blog\/wp-content\/uploads\/2025\/02\/ASS-GENERALE-WALDEN-040225-1024x579.jpg 1024w, https:\/\/collectifwalden.fr\/blog\/wp-content\/uploads\/2025\/02\/ASS-GENERALE-WALDEN-040225-300x170.jpg 300w, https:\/\/collectifwalden.fr\/blog\/wp-content\/uploads\/2025\/02\/ASS-GENERALE-WALDEN-040225.jpg 1080w\" sizes=\"auto, (max-width: 1024px) 100vw, 1024px\" \/><\/figure>\n","protected":false},"excerpt":{"rendered":"","protected":false},"author":3,"featured_media":34,"comment_status":"closed","ping_status":"open","sticky":false,"template":"","format":"standard","meta":{"footnotes":""},"categories":[2],"tags":[],"class_list":["post-32","post","type-post","status-publish","format-standard","has-post-thumbnail","hentry","category-actus"],"_links":{"self":[{"href":"https:\/\/collectifwalden.fr\/blog\/wp-json\/wp\/v2\/posts\/32","targetHints":{"allow":["GET"]}}],"collection":[{"href":"https:\/\/collectifwalden.fr\/blog\/wp-json\/wp\/v2\/posts"}],"about":[{"href":"https:\/\/collectifwalden.fr\/blog\/wp-json\/wp\/v2\/types\/post"}],"author":[{"embeddable":true,"href":"https:\/\/collectifwalden.fr\/blog\/wp-json\/wp\/v2\/users\/3"}],"replies":[{"embeddable":true,"href":"https:\/\/collectifwalden.fr\/blog\/wp-json\/wp\/v2\/comments?post=32"}],"version-history":[{"count":1,"href":"https:\/\/collectifwalden.fr\/blog\/wp-json\/wp\/v2\/posts\/32\/revisions"}],"predecessor-version":[{"id":35,"href":"https:\/\/collectifwalden.fr\/blog\/wp-json\/wp\/v2\/posts\/32\/revisions\/35"}],"wp:featuredmedia":[{"embeddable":true,"href":"https:\/\/collectifwalden.fr\/blog\/wp-json\/wp\/v2\/media\/34"}],"wp:attachment":[{"href":"https:\/\/collectifwalden.fr\/blog\/wp-json\/wp\/v2\/media?parent=32"}],"wp:term":[{"taxonomy":"category","embeddable":true,"href":"https:\/\/collectifwalden.fr\/blog\/wp-json\/wp\/v2\/categories?post=32"},{"taxonomy":"post_tag","embeddable":true,"href":"https:\/\/collectifwalden.fr\/blog\/wp-json\/wp\/v2\/tags?post=32"}],"curies":[{"name":"wp","href":"https:\/\/api.w.org\/{rel}","templated":true}]}}