{"id":51,"date":"2025-04-16T09:47:04","date_gmt":"2025-04-16T07:47:04","guid":{"rendered":"https:\/\/collectifwalden.fr\/blog\/?p=51"},"modified":"2025-04-16T09:47:04","modified_gmt":"2025-04-16T07:47:04","slug":"ballade-juridique-a-travers-mulhouse","status":"publish","type":"post","link":"https:\/\/collectifwalden.fr\/blog\/ballade-juridique-a-travers-mulhouse\/","title":{"rendered":"Ballade juridique \u00e0 travers Mulhouse"},"content":{"rendered":"\n<p>\ud83d\udce3 Invitation \u00e0 notre Ballade juridique \u00e0 travers Mulhouse \ud83d\udce3<br><br>Nous avons le plaisir de vous convier \u00e0 notre prochaine aventure collective : une passionnante exploration historique et juridique \u00e0 travers les rues de Mulhouse !<br><br>\ud83d\udd0d\u2696\ufe0f\u2728 Au programme :<br><br>&#8211; Une d\u00e9couverte de lieux embl\u00e9matiques mulhousiens<br><br>&#8211; Un regard nouveau sur l&rsquo;histoire juridique de notre territoire<br><br>&#8211; Des \u00e9changes enrichissants autour de la Justice d&rsquo;hier et d&rsquo;aujourd&rsquo;hui<br><br>\u2728 Et pour prolonger ces moments de partage et de r\u00e9flexion, rendez-vous ensuite \u00e0 16h pour un moment de convivialit\u00e9 !<br><br>Rejoignez-nous pour cette exp\u00e9rience in\u00e9dite le dimanche 27 avril \u00e0 14h00 !<br><br>\ud83d\udcdd Inscription obligatoire sur HelloAsso : <a href=\"https:\/\/lnkd.in\/emRJtH2U\">https:\/\/lnkd.in\/emRJtH2U<\/a><br><br>Au plaisir d&rsquo;explorer ensemble les chemins d&rsquo;une justice plus humaniste !<\/p>\n\n\n\n<p><a href=\"https:\/\/www.linkedin.com\/posts\/collectif-walden_balade-juridique-%C3%A0-travers-mulhouse-activity-7318141317266432001--tQD\/?utm_source=social_share_send&amp;utm_medium=android_app&amp;rcm=ACoAAA5HLeEBVc8ZV2I6ZEUS44zzVr2UuSRAtV0&amp;utm_campaign=whatsapp\">https:\/\/www.linkedin.com\/posts\/collectif-walden_balade-juridique-%C3%A0-travers-mulhouse-activity-7318141317266432001&#8211;tQD\/?utm_source=social_share_send&amp;utm_medium=android_app&amp;rcm=ACoAAA5HLeEBVc8ZV2I6ZEUS44zzVr2UuSRAtV0&amp;utm_campaign=whatsapp<\/a><\/p>\n\n\n\n<figure class=\"wp-block-image size-large\"><img loading=\"lazy\" decoding=\"async\" width=\"1024\" height=\"495\" src=\"https:\/\/collectifwalden.fr\/blog\/wp-content\/uploads\/2025\/04\/WhatsApp-Image-2025-04-16-at-09.19.02-1-1024x495.jpeg\" alt=\"\" class=\"wp-image-53\" srcset=\"https:\/\/collectifwalden.fr\/blog\/wp-content\/uploads\/2025\/04\/WhatsApp-Image-2025-04-16-at-09.19.02-1-1024x495.jpeg 1024w, https:\/\/collectifwalden.fr\/blog\/wp-content\/uploads\/2025\/04\/WhatsApp-Image-2025-04-16-at-09.19.02-1-300x145.jpeg 300w, https:\/\/collectifwalden.fr\/blog\/wp-content\/uploads\/2025\/04\/WhatsApp-Image-2025-04-16-at-09.19.02-1.jpeg 1600w\" sizes=\"auto, (max-width: 1024px) 100vw, 1024px\" \/><\/figure>\n","protected":false},"excerpt":{"rendered":"<p>\ud83d\udce3 Invitation \u00e0 notre Ballade juridique \u00e0 travers Mulhouse \ud83d\udce3 Nous avons le plaisir de vous convier \u00e0 notre prochaine aventure collective :<\/p>\n","protected":false},"author":3,"featured_media":52,"comment_status":"closed","ping_status":"open","sticky":false,"template":"","format":"standard","meta":{"footnotes":""},"categories":[2],"tags":[],"class_list":["post-51","post","type-post","status-publish","format-standard","has-post-thumbnail","hentry","category-actus"],"_links":{"self":[{"href":"https:\/\/collectifwalden.fr\/blog\/wp-json\/wp\/v2\/posts\/51","targetHints":{"allow":["GET"]}}],"collection":[{"href":"https:\/\/collectifwalden.fr\/blog\/wp-json\/wp\/v2\/posts"}],"about":[{"href":"https:\/\/collectifwalden.fr\/blog\/wp-json\/wp\/v2\/types\/post"}],"author":[{"embeddable":true,"href":"https:\/\/collectifwalden.fr\/blog\/wp-json\/wp\/v2\/users\/3"}],"replies":[{"embeddable":true,"href":"https:\/\/collectifwalden.fr\/blog\/wp-json\/wp\/v2\/comments?post=51"}],"version-history":[{"count":1,"href":"https:\/\/collectifwalden.fr\/blog\/wp-json\/wp\/v2\/posts\/51\/revisions"}],"predecessor-version":[{"id":54,"href":"https:\/\/collectifwalden.fr\/blog\/wp-json\/wp\/v2\/posts\/51\/revisions\/54"}],"wp:featuredmedia":[{"embeddable":true,"href":"https:\/\/collectifwalden.fr\/blog\/wp-json\/wp\/v2\/media\/52"}],"wp:attachment":[{"href":"https:\/\/collectifwalden.fr\/blog\/wp-json\/wp\/v2\/media?parent=51"}],"wp:term":[{"taxonomy":"category","embeddable":true,"href":"https:\/\/collectifwalden.fr\/blog\/wp-json\/wp\/v2\/categories?post=51"},{"taxonomy":"post_tag","embeddable":true,"href":"https:\/\/collectifwalden.fr\/blog\/wp-json\/wp\/v2\/tags?post=51"}],"curies":[{"name":"wp","href":"https:\/\/api.w.org\/{rel}","templated":true}]}}