{"id":55,"date":"2025-05-05T14:32:47","date_gmt":"2025-05-05T12:32:47","guid":{"rendered":"https:\/\/collectifwalden.fr\/blog\/?p=55"},"modified":"2025-05-05T14:32:47","modified_gmt":"2025-05-05T12:32:47","slug":"apres-midi-enrichissante","status":"publish","type":"post","link":"https:\/\/collectifwalden.fr\/blog\/apres-midi-enrichissante\/","title":{"rendered":"Apr\u00e8s midi enrichissante !"},"content":{"rendered":"\n<p>Quelle apr\u00e8s midi enrichissante dimanche dernier \u00e0 Mulhouse pour notre visite du patrimoine judiciaire local ! \u2696\ufe0f\u2728<br><br>Aux c\u00f4t\u00e9s de R\u00e9my Burgy, nous avons explor\u00e9 l&rsquo;\u00e9volution fascinante de nos institutions judiciaires \u00e0 travers les si\u00e8cles et de celles et ceux qui en ont \u00e9t\u00e9 les acteurs :<br><br>\u25b6\ufe0f de Louis Loew, magistrat et ancien pr\u00e9sident de la R\u00e9publique \u00e0 Jean-Marie Bockel,avocat et ancien ministre en passant par Pierre Seel, avocat d\u00e9port\u00e9 et tant d&rsquo;autres;<br><br>\u25b6\ufe0f de la rue de Loi \u00e0 la place de la Libert\u00e9 qui jouxte le tribunal judiciaire d&rsquo;aujourd&rsquo;hui ;<br><br>\u25b6\ufe0f des avanc\u00e9es en droit du travail et de la protection sociale au 19\u00e8me si\u00e8cle au voleurs d&rsquo;art du 21\u00e8me si\u00e8cle en passant par l&rsquo;affaire Dreyfus ;<br><br>Une apr\u00e8s-midi passionnante sous le soleil mulhousien sur les traces du pass\u00e9 pour mieux comprendre les enjeux d&rsquo;aujourd&rsquo;hui.<\/p>\n\n\n\n<figure class=\"wp-block-image size-large\"><img loading=\"lazy\" decoding=\"async\" width=\"858\" height=\"1024\" src=\"https:\/\/collectifwalden.fr\/blog\/wp-content\/uploads\/2025\/05\/1746366129415-858x1024.jpg\" alt=\"\" class=\"wp-image-56\" srcset=\"https:\/\/collectifwalden.fr\/blog\/wp-content\/uploads\/2025\/05\/1746366129415-858x1024.jpg 858w, https:\/\/collectifwalden.fr\/blog\/wp-content\/uploads\/2025\/05\/1746366129415-251x300.jpg 251w, https:\/\/collectifwalden.fr\/blog\/wp-content\/uploads\/2025\/05\/1746366129415.jpg 1287w\" sizes=\"auto, (max-width: 858px) 100vw, 858px\" \/><\/figure>\n","protected":false},"excerpt":{"rendered":"<p>Quelle apr\u00e8s midi enrichissante dimanche dernier \u00e0 Mulhouse pour notre visite du patrimoine judiciaire local !<\/p>\n","protected":false},"author":3,"featured_media":57,"comment_status":"closed","ping_status":"open","sticky":false,"template":"","format":"standard","meta":{"footnotes":""},"categories":[2],"tags":[],"class_list":["post-55","post","type-post","status-publish","format-standard","has-post-thumbnail","hentry","category-actus"],"_links":{"self":[{"href":"https:\/\/collectifwalden.fr\/blog\/wp-json\/wp\/v2\/posts\/55","targetHints":{"allow":["GET"]}}],"collection":[{"href":"https:\/\/collectifwalden.fr\/blog\/wp-json\/wp\/v2\/posts"}],"about":[{"href":"https:\/\/collectifwalden.fr\/blog\/wp-json\/wp\/v2\/types\/post"}],"author":[{"embeddable":true,"href":"https:\/\/collectifwalden.fr\/blog\/wp-json\/wp\/v2\/users\/3"}],"replies":[{"embeddable":true,"href":"https:\/\/collectifwalden.fr\/blog\/wp-json\/wp\/v2\/comments?post=55"}],"version-history":[{"count":1,"href":"https:\/\/collectifwalden.fr\/blog\/wp-json\/wp\/v2\/posts\/55\/revisions"}],"predecessor-version":[{"id":58,"href":"https:\/\/collectifwalden.fr\/blog\/wp-json\/wp\/v2\/posts\/55\/revisions\/58"}],"wp:featuredmedia":[{"embeddable":true,"href":"https:\/\/collectifwalden.fr\/blog\/wp-json\/wp\/v2\/media\/57"}],"wp:attachment":[{"href":"https:\/\/collectifwalden.fr\/blog\/wp-json\/wp\/v2\/media?parent=55"}],"wp:term":[{"taxonomy":"category","embeddable":true,"href":"https:\/\/collectifwalden.fr\/blog\/wp-json\/wp\/v2\/categories?post=55"},{"taxonomy":"post_tag","embeddable":true,"href":"https:\/\/collectifwalden.fr\/blog\/wp-json\/wp\/v2\/tags?post=55"}],"curies":[{"name":"wp","href":"https:\/\/api.w.org\/{rel}","templated":true}]}}