{"id":59,"date":"2025-10-29T09:10:27","date_gmt":"2025-10-29T08:10:27","guid":{"rendered":"https:\/\/collectifwalden.fr\/blog\/?p=59"},"modified":"2025-10-29T09:12:16","modified_gmt":"2025-10-29T08:12:16","slug":"%f0%9f%9a%80-%f0%9d%97%9f%f0%9d%97%ae%f0%9d%97%bb%f0%9d%97%b0%f0%9d%97%b2%f0%9d%97%ba%f0%9d%97%b2%f0%9d%97%bb%f0%9d%98%81-%f0%9d%97%b1%f0%9d%98%82-%f0%9d%97%b0%f0%9d%98%86%f0%9d%97%b0%f0%9d%97%b9","status":"publish","type":"post","link":"https:\/\/collectifwalden.fr\/blog\/%f0%9f%9a%80-%f0%9d%97%9f%f0%9d%97%ae%f0%9d%97%bb%f0%9d%97%b0%f0%9d%97%b2%f0%9d%97%ba%f0%9d%97%b2%f0%9d%97%bb%f0%9d%98%81-%f0%9d%97%b1%f0%9d%98%82-%f0%9d%97%b0%f0%9d%98%86%f0%9d%97%b0%f0%9d%97%b9\/","title":{"rendered":"\ud83d\ude80 \ud835\udddf\ud835\uddee\ud835\uddfb\ud835\uddf0\ud835\uddf2\ud835\uddfa\ud835\uddf2\ud835\uddfb\ud835\ude01 \ud835\uddf1\ud835\ude02 \ud835\uddf0\ud835\ude06\ud835\uddf0\ud835\uddf9\ud835\uddf2 \u00ab\u00a0\ud835\uddd6\ud835\uddf6\ud835\uddfb\u00e9-\ud835\udddd\ud835\ude02\ud835\ude00\ud835\ude01\ud835\uddf6\ud835\uddf0\ud835\uddf2\u00a0\u00bb"},"content":{"rendered":"\n<p>Le Collectif Walden, en partenariat avec le Cin\u00e9ma Bel Air et la Librairie 47\u00b0Nord vous donne rendez-vous pour la 1\u00e8re s\u00e9ance leur nouveau cycle de Cin\u00e9-D\u00e9bats :<br><br>\u00ab\u00a0VOUS AVEZ DIT JUSTICE(S) ?\u00a0\u00bb\u2696\ufe0f\u200b\u200b<br><br>\u200b\ud83d\udd36\ud835\udddf\ud835\uddf2 \ud835\uddf0\ud835\uddfc\ud835\uddfb\ud835\uddf0\ud835\uddf2\ud835\uddfd\ud835\ude01 ? 4 RDV annuels autour d&rsquo;un th\u00e8me sp\u00e9cifique pour d\u00e9passer les clich\u00e9s, expliquer les enjeux de la Justice et d\u00e9velopper notre culture juridique.<br><br>\ud83d\udd36\ud835\uddd6\ud835\uddf2\ud835\ude01\ud835\ude01\ud835\uddf2 \ud835\uddee\ud835\uddfb\ud835\uddfb<strong>\u00e9<\/strong>\ud835\uddf2, \ud835\uddfc\ud835\uddfb \ud835\uddf0\ud835\uddfc\ud835\uddfa\ud835\uddfa\ud835\uddf2\ud835\uddfb\ud835\uddf0\ud835\uddf2 \ud835\uddfd\ud835\uddee\ud835\uddff \ud835\uddfe\ud835\ude02\ud835\uddfc\ud835\uddf6 ? La Justice P\u00e9nale en 4 temps sur le programme 2025\/2026<br><br>\ud83d\udd36\ud835\uddd8\ud835\ude01 \ud835\uddf0\ud835\uddf2\ud835\ude01\ud835\ude01\ud835\uddf2 \ud835\uddfd\ud835\uddff\ud835\uddf2\ud835\uddfa<strong>\ud835\uddf6\u00e8\ud835\uddff\ud835\uddf2 \ud835\ude00\u00e9\ud835\uddee<\/strong>\ud835\uddfb\ud835\uddf0\ud835\uddf2 ? Rendez-vous le mercredi 5 novembre \u00e0 20h au Cin\u00e9ma Bel Air \u00e0 Mulhouse autour du film \u00ab\u00a0Deux procureurs\u00a0\u00bb en pr\u00e9sence de Denis SALAS et Nicolas HEITZ pour d\u00e9battre sur l&rsquo;Etat de droit et les grands principes de la justice p\u00e9nale.<br><br>Ouvert \u00e0 tous : venez nombreux, invitez vos r\u00e9seaux !<br><br>\u2795\u200bd&rsquo;infos : <a href=\"https:\/\/www.cinebelair.org\/informations-cinema\/les-rdv\">https:\/\/www.cinebelair.org\/informations-cinema\/les-rdv<\/a><br><br><a href=\"https:\/\/www.linkedin.com\/search\/results\/all\/?keywords=%23justice&amp;origin=HASH_TAG_FROM_FEED\">#Justice<\/a> <a href=\"https:\/\/www.linkedin.com\/search\/results\/all\/?keywords=%23cin%C3%A9d%C3%A9bat&amp;origin=HASH_TAG_FROM_FEED\">#Cin\u00e9D\u00e9bat<\/a> <a href=\"https:\/\/www.linkedin.com\/search\/results\/all\/?keywords=%23culturejuridique&amp;origin=HASH_TAG_FROM_FEED\">#CultureJuridique<\/a> <a href=\"https:\/\/www.linkedin.com\/search\/results\/all\/?keywords=%23walden&amp;origin=HASH_TAG_FROM_FEED\">#Walden<\/a> <a href=\"https:\/\/www.linkedin.com\/search\/results\/all\/?keywords=%23mulhouse&amp;origin=HASH_TAG_FROM_FEED\">#Mulhouse<\/a><\/p>\n\n\n\n<p><a href=\"https:\/\/www.linkedin.com\/posts\/collectif-walden_justice-cinaezdaezbat-culturejuridique-activity-7389001386505502721-iRO_\/?utm_source=social_share_send&amp;utm_medium=android_app&amp;rcm=ACoAAA5HLeEBVc8ZV2I6ZEUS44zzVr2UuSRAtV0&amp;utm_campaign=whatsapp\">https:\/\/www.linkedin.com\/posts\/collectif-walden_justice-cinaezdaezbat-culturejuridique-activity-7389001386505502721-iRO_\/?utm_source=social_share_send&amp;utm_medium=android_app&amp;rcm=ACoAAA5HLeEBVc8ZV2I6ZEUS44zzVr2UuSRAtV0&amp;utm_campaign=whatsapp<\/a><\/p>\n\n\n\n<figure class=\"wp-block-image size-full\"><img loading=\"lazy\" decoding=\"async\" width=\"727\" height=\"371\" src=\"https:\/\/collectifwalden.fr\/blog\/wp-content\/uploads\/2025\/10\/BLOG-WALDEN-291025-1.jpg\" alt=\"\" class=\"wp-image-61\" srcset=\"https:\/\/collectifwalden.fr\/blog\/wp-content\/uploads\/2025\/10\/BLOG-WALDEN-291025-1.jpg 727w, https:\/\/collectifwalden.fr\/blog\/wp-content\/uploads\/2025\/10\/BLOG-WALDEN-291025-1-300x153.jpg 300w\" sizes=\"auto, (max-width: 727px) 100vw, 727px\" \/><\/figure>\n","protected":false},"excerpt":{"rendered":"<p>Le Collectif Walden, en partenariat avec le Cin\u00e9ma Bel Air et la Librairie 47\u00b0Nord vous donne rendez-vous pour la 1\u00e8re s\u00e9ance leur nouveau cycle de Cin\u00e9-D\u00e9bats :<\/p>\n","protected":false},"author":3,"featured_media":60,"comment_status":"closed","ping_status":"open","sticky":false,"template":"","format":"standard","meta":{"footnotes":""},"categories":[2],"tags":[],"class_list":["post-59","post","type-post","status-publish","format-standard","has-post-thumbnail","hentry","category-actus"],"_links":{"self":[{"href":"https:\/\/collectifwalden.fr\/blog\/wp-json\/wp\/v2\/posts\/59","targetHints":{"allow":["GET"]}}],"collection":[{"href":"https:\/\/collectifwalden.fr\/blog\/wp-json\/wp\/v2\/posts"}],"about":[{"href":"https:\/\/collectifwalden.fr\/blog\/wp-json\/wp\/v2\/types\/post"}],"author":[{"embeddable":true,"href":"https:\/\/collectifwalden.fr\/blog\/wp-json\/wp\/v2\/users\/3"}],"replies":[{"embeddable":true,"href":"https:\/\/collectifwalden.fr\/blog\/wp-json\/wp\/v2\/comments?post=59"}],"version-history":[{"count":3,"href":"https:\/\/collectifwalden.fr\/blog\/wp-json\/wp\/v2\/posts\/59\/revisions"}],"predecessor-version":[{"id":64,"href":"https:\/\/collectifwalden.fr\/blog\/wp-json\/wp\/v2\/posts\/59\/revisions\/64"}],"wp:featuredmedia":[{"embeddable":true,"href":"https:\/\/collectifwalden.fr\/blog\/wp-json\/wp\/v2\/media\/60"}],"wp:attachment":[{"href":"https:\/\/collectifwalden.fr\/blog\/wp-json\/wp\/v2\/media?parent=59"}],"wp:term":[{"taxonomy":"category","embeddable":true,"href":"https:\/\/collectifwalden.fr\/blog\/wp-json\/wp\/v2\/categories?post=59"},{"taxonomy":"post_tag","embeddable":true,"href":"https:\/\/collectifwalden.fr\/blog\/wp-json\/wp\/v2\/tags?post=59"}],"curies":[{"name":"wp","href":"https:\/\/api.w.org\/{rel}","templated":true}]}}