{"id":65,"date":"2025-12-10T15:01:46","date_gmt":"2025-12-10T14:01:46","guid":{"rendered":"https:\/\/collectifwalden.fr\/blog\/?p=65"},"modified":"2025-12-10T15:02:14","modified_gmt":"2025-12-10T14:02:14","slug":"%f0%9f%9a%80-c%f0%9d%98%86%f0%9d%97%b0%f0%9d%97%b9%f0%9d%97%b2-%f0%9d%97%96%f0%9d%97%b6%f0%9d%97%bbe-%f0%9d%97%9d%f0%9d%98%82%f0%9d%98%80%f0%9d%98%81%f0%9d%97%b6%f0%9d%97%b0%f0%9d%97%b2-seance-n","status":"publish","type":"post","link":"https:\/\/collectifwalden.fr\/blog\/%f0%9f%9a%80-c%f0%9d%98%86%f0%9d%97%b0%f0%9d%97%b9%f0%9d%97%b2-%f0%9d%97%96%f0%9d%97%b6%f0%9d%97%bbe-%f0%9d%97%9d%f0%9d%98%82%f0%9d%98%80%f0%9d%98%81%f0%9d%97%b6%f0%9d%97%b0%f0%9d%97%b2-seance-n\/","title":{"rendered":"\ud83d\ude80 C\ud835\ude06\ud835\uddf0\ud835\uddf9\ud835\uddf2 \u00ab\u00a0\ud835\uddd6\ud835\uddf6\ud835\uddfb\u00e9-\ud835\udddd\ud835\ude02\ud835\ude00\ud835\ude01\ud835\uddf6\ud835\uddf0\ud835\uddf2\u00a0\u00bb : s\u00e9ance n\u00b02 !"},"content":{"rendered":"\n<p>Le Collectif Walden, en partenariat avec le Cin\u00e9ma Bel Air et la Librairie 47\u00b0Nord vous donne rendez-vous pour la 2\u00e8me s\u00e9ance du cycle de Cin\u00e9-D\u00e9bats :<br><br>\u00ab\u00a0VOUS AVEZ DIT JUSTICE(S) ?\u00a0\u00bb\u2696\ufe0f<br><br>\ud83d\udd36\ud835\udddf\ud835\uddf2 \ud835\uddf0\ud835\uddfc\ud835\uddfb\ud835\uddf0\ud835\uddf2\ud835\uddfd\ud835\ude01 ? 4 RDV annuels autour d&rsquo;un th\u00e8me sp\u00e9cifique pour d\u00e9passer les clich\u00e9s, expliquer les enjeux de la Justice.<br><br>\ud83d\udd36\ud835\uddd6\ud835\uddf2\ud835\ude01\ud835\ude01\ud835\uddf2 \ud835\ude00\u00e9\ud835\uddee\ud835\uddfb\ud835\uddf0\ud835\uddf2, \ud835\uddfc\ud835\uddfb \ud835\uddfd\ud835\uddee\ud835\uddff\ud835\uddf9\ud835\uddf2 \ud835\uddf1\ud835\uddf2 \ud835\uddfe\ud835\ude02\ud835\uddf2\ud835\uddf9 \ud835\ude01\ud835\uddf5\u00e8\ud835\uddfa\ud835\uddf2 ? On poursuit sur la Justice P\u00e9nale avec le film \u00ab\u00a0On vous croit\u00a0\u00bb avec le sujet oh combien d\u00e9licat mais tellement important du recueil de la parole de l&rsquo;enfant<br><br>\ud83d\udd36 Rendez-vous \ud835\uddf9\ud835\uddf2 \ud835\uddf7\ud835\uddf2\ud835\ude02\ud835\uddf1\ud835\uddf6 11 \ud835\uddf1\u00e9\ud835\uddf0\ud835\uddf2\ud835\uddfa\ud835\uddef\ud835\uddff\ud835\uddf2 \ud835\uddee\u0300 20\ud835\uddf500 au Cin\u00e9ma Bel Air \u00e0 Mulhouse autour du film en pr\u00e9sence de Adeline MIDEZ, juge d&rsquo;instruction<br><br>Ouvert \u00e0 tous : venez nombreux, invitez vos r\u00e9seaux !<br><br>\u2795d&rsquo;infos : <a href=\"https:\/\/www.cinebelair.org\/tous-les-films\/on-vous-croit-arnaud-dufeys-charlotte-devillers\">https:\/\/www.cinebelair.org\/tous-les-films\/on-vous-croit-arnaud-dufeys-charlotte-devillers<\/a><br><br><a href=\"https:\/\/www.linkedin.com\/search\/results\/all\/?keywords=%23justice&amp;origin=HASH_TAG_FROM_FEED\">hashtag#Justice<\/a> <a href=\"https:\/\/www.linkedin.com\/search\/results\/all\/?keywords=%23cin%C3%A9d%C3%A9bat&amp;origin=HASH_TAG_FROM_FEED\">hashtag#Cin\u00e9D\u00e9bat<\/a> <a href=\"https:\/\/www.linkedin.com\/search\/results\/all\/?keywords=%23culturejuridique&amp;origin=HASH_TAG_FROM_FEED\">hashtag#CultureJuridique<\/a> <a href=\"https:\/\/www.linkedin.com\/search\/results\/all\/?keywords=%23walden&amp;origin=HASH_TAG_FROM_FEED\">hashtag#Walden<\/a> <a href=\"https:\/\/www.linkedin.com\/search\/results\/all\/?keywords=%23mulhouse&amp;origin=HASH_TAG_FROM_FEED\">hashtag#Mulhouse<\/a><\/p>\n\n\n\n<p><a href=\"https:\/\/www.linkedin.com\/posts\/collectif-walden_justice-cinaezdaezbat-culturejuridique-activity-7403662793461170177-66ir\/?utm_source=social_share_send&amp;utm_medium=android_app&amp;rcm=ACoAAA5HLeEBVc8ZV2I6ZEUS44zzVr2UuSRAtV0&amp;utm_campaign=whatsapp\">https:\/\/www.linkedin.com\/posts\/collectif-walden_justice-cinaezdaezbat-culturejuridique-activity-7403662793461170177-66ir\/?utm_source=social_share_send&amp;utm_medium=android_app&amp;rcm=ACoAAA5HLeEBVc8ZV2I6ZEUS44zzVr2UuSRAtV0&amp;utm_campaign=whatsapp<\/a><\/p>\n\n\n\n<figure class=\"wp-block-image size-full\"><img loading=\"lazy\" decoding=\"async\" width=\"726\" height=\"363\" src=\"https:\/\/collectifwalden.fr\/blog\/wp-content\/uploads\/2025\/12\/WALDEN-BLOG-101225-OK.jpg\" alt=\"\" class=\"wp-image-66\" srcset=\"https:\/\/collectifwalden.fr\/blog\/wp-content\/uploads\/2025\/12\/WALDEN-BLOG-101225-OK.jpg 726w, https:\/\/collectifwalden.fr\/blog\/wp-content\/uploads\/2025\/12\/WALDEN-BLOG-101225-OK-300x150.jpg 300w\" sizes=\"auto, (max-width: 726px) 100vw, 726px\" \/><\/figure>\n","protected":false},"excerpt":{"rendered":"<p>Le Collectif Walden, en partenariat avec le Cin\u00e9ma Bel Air et la Librairie 47\u00b0Nord vous donne rendez-vous pour la 2\u00e8me s\u00e9ance du cycle de Cin\u00e9-D\u00e9bats :<\/p>\n","protected":false},"author":3,"featured_media":66,"comment_status":"closed","ping_status":"open","sticky":false,"template":"","format":"standard","meta":{"footnotes":""},"categories":[2],"tags":[],"class_list":["post-65","post","type-post","status-publish","format-standard","has-post-thumbnail","hentry","category-actus"],"_links":{"self":[{"href":"https:\/\/collectifwalden.fr\/blog\/wp-json\/wp\/v2\/posts\/65","targetHints":{"allow":["GET"]}}],"collection":[{"href":"https:\/\/collectifwalden.fr\/blog\/wp-json\/wp\/v2\/posts"}],"about":[{"href":"https:\/\/collectifwalden.fr\/blog\/wp-json\/wp\/v2\/types\/post"}],"author":[{"embeddable":true,"href":"https:\/\/collectifwalden.fr\/blog\/wp-json\/wp\/v2\/users\/3"}],"replies":[{"embeddable":true,"href":"https:\/\/collectifwalden.fr\/blog\/wp-json\/wp\/v2\/comments?post=65"}],"version-history":[{"count":3,"href":"https:\/\/collectifwalden.fr\/blog\/wp-json\/wp\/v2\/posts\/65\/revisions"}],"predecessor-version":[{"id":69,"href":"https:\/\/collectifwalden.fr\/blog\/wp-json\/wp\/v2\/posts\/65\/revisions\/69"}],"wp:featuredmedia":[{"embeddable":true,"href":"https:\/\/collectifwalden.fr\/blog\/wp-json\/wp\/v2\/media\/66"}],"wp:attachment":[{"href":"https:\/\/collectifwalden.fr\/blog\/wp-json\/wp\/v2\/media?parent=65"}],"wp:term":[{"taxonomy":"category","embeddable":true,"href":"https:\/\/collectifwalden.fr\/blog\/wp-json\/wp\/v2\/categories?post=65"},{"taxonomy":"post_tag","embeddable":true,"href":"https:\/\/collectifwalden.fr\/blog\/wp-json\/wp\/v2\/tags?post=65"}],"curies":[{"name":"wp","href":"https:\/\/api.w.org\/{rel}","templated":true}]}}