{"id":70,"date":"2026-01-14T19:29:55","date_gmt":"2026-01-14T18:29:55","guid":{"rendered":"https:\/\/collectifwalden.fr\/blog\/?p=70"},"modified":"2026-01-14T19:29:55","modified_gmt":"2026-01-14T18:29:55","slug":"%f0%9f%9a%80-c%f0%9d%98%86%f0%9d%97%b0%f0%9d%97%b9%f0%9d%97%b2-%f0%9d%97%96%f0%9d%97%b6%f0%9d%97%bbe-%f0%9d%97%9d%f0%9d%98%82%f0%9d%98%80%f0%9d%98%81%f0%9d%97%b6%f0%9d%97%b0%f0%9d%97%b2-seance-n-2","status":"publish","type":"post","link":"https:\/\/collectifwalden.fr\/blog\/%f0%9f%9a%80-c%f0%9d%98%86%f0%9d%97%b0%f0%9d%97%b9%f0%9d%97%b2-%f0%9d%97%96%f0%9d%97%b6%f0%9d%97%bbe-%f0%9d%97%9d%f0%9d%98%82%f0%9d%98%80%f0%9d%98%81%f0%9d%97%b6%f0%9d%97%b0%f0%9d%97%b2-seance-n-2\/","title":{"rendered":"\ud83d\ude80 C\ud835\ude06\ud835\uddf0\ud835\uddf9\ud835\uddf2 \u00ab\u00a0\ud835\uddd6\ud835\uddf6\ud835\uddfb\u00e9-\ud835\udddd\ud835\ude02\ud835\ude00\ud835\ude01\ud835\uddf6\ud835\uddf0\ud835\uddf2\u00a0\u00bb : s\u00e9ance n\u00b03!"},"content":{"rendered":"\n<p>Le Collectif Walden, en partenariat avec le Cin\u00e9ma Bel Air et la Librairie 47\u00b0Nord vous donne rendez-vous pour la 3\u00e8me s\u00e9ance du cycle de Cin\u00e9-D\u00e9bats :<br><br>\u00ab\u00a0VOUS AVEZ DIT JUSTICE(S) ?\u00a0\u00bb\u2696\ufe0f<br><br>\ud83d\udd36\ud835\udddf\ud835\uddf2 \ud835\uddf0\ud835\uddfc\ud835\uddfb\ud835\uddf0\ud835\uddf2\ud835\uddfd\ud835\ude01 ? 4 RDV annuels autour d&rsquo;un th\u00e8me sp\u00e9cifique pour d\u00e9passer les clich\u00e9s, expliquer les enjeux de la Justice.<br><br>\ud83d\udd36\ud835\uddd6\ud835\uddf2\ud835\ude01\ud835\ude01\ud835\uddf2 \ud835\ude00\u00e9\ud835\uddee\ud835\uddfb\ud835\uddf0\ud835\uddf2, \ud835\uddfc\ud835\uddfb \ud835\uddfd\ud835\uddee\ud835\uddff\ud835\uddf9\ud835\uddf2 \ud835\uddf1\ud835\uddf2 \ud835\uddfe\ud835\ude02\ud835\uddf2\ud835\uddf9 \ud835\ude01\ud835\uddf5\u00e8\ud835\uddfa\ud835\uddf2 ? On poursuit sur la Justice P\u00e9nale avec le film \u00ab\u00a0Stups\u00a0\u00bb : comparution imm\u00e9diate, encha\u00eenement des audiences p\u00e9nales, tribunal correctionnel, ge\u00f4les du tribunal, saturation des affaires de stup\u00e9fiants, &#8230; le tout en immersion au tribunal judiciaire de Marseille<br><br>\ud83d\udd36 Rendez-vous \ud835\uddf9\ud835\uddf2 mercredi 14 janvier \ud835\uddee\u0300 20\ud835\uddf500 au Cin\u00e9ma Bel Air \u00e0 Mulhouse autour du film en pr\u00e9sence de <a href=\"https:\/\/www.linkedin.com\/in\/jessica-vonderscher\/\">Jessica VONDERSCHER<\/a>, procureure de la R\u00e9publique de Belfort<br><br>Ouvert \u00e0 tous : venez nombreux, invitez vos r\u00e9seaux !<br><br>\u2795d&rsquo;infos : <a href=\"https:\/\/lnkd.in\/eku2izmf\">https:\/\/lnkd.in\/eku2izmf<\/a><br><br><a href=\"https:\/\/www.linkedin.com\/search\/results\/all\/?keywords=%23justice&amp;origin=HASH_TAG_FROM_FEED\">#Justice<\/a><br><a href=\"https:\/\/www.linkedin.com\/search\/results\/all\/?keywords=%23cin%C3%A9d%C3%A9bat&amp;origin=HASH_TAG_FROM_FEED\">#Cin\u00e9D\u00e9bat<\/a><br><a href=\"https:\/\/www.linkedin.com\/search\/results\/all\/?keywords=%23culturejuridique&amp;origin=HASH_TAG_FROM_FEED\">#CultureJuridique<\/a><br><a href=\"https:\/\/www.linkedin.com\/search\/results\/all\/?keywords=%23walden&amp;origin=HASH_TAG_FROM_FEED\">#Walden<\/a><br><a href=\"https:\/\/www.linkedin.com\/search\/results\/all\/?keywords=%23mulhouse&amp;origin=HASH_TAG_FROM_FEED\">#Mulhouse<\/a><\/p>\n\n\n\n<figure class=\"wp-block-image size-full\"><img loading=\"lazy\" decoding=\"async\" width=\"730\" height=\"352\" src=\"https:\/\/collectifwalden.fr\/blog\/wp-content\/uploads\/2026\/01\/CINE-1401.jpg\" alt=\"\" class=\"wp-image-71\" srcset=\"https:\/\/collectifwalden.fr\/blog\/wp-content\/uploads\/2026\/01\/CINE-1401.jpg 730w, https:\/\/collectifwalden.fr\/blog\/wp-content\/uploads\/2026\/01\/CINE-1401-300x145.jpg 300w\" sizes=\"auto, (max-width: 730px) 100vw, 730px\" \/><\/figure>\n","protected":false},"excerpt":{"rendered":"<p>Le Collectif Walden, en partenariat avec le Cin\u00e9ma Bel Air et la Librairie 47\u00b0Nord vous donne rendez-vous pour la 3\u00e8me s\u00e9ance du cycle de Cin\u00e9-D\u00e9bats :<\/p>\n","protected":false},"author":3,"featured_media":71,"comment_status":"closed","ping_status":"open","sticky":false,"template":"","format":"standard","meta":{"footnotes":""},"categories":[2],"tags":[],"class_list":["post-70","post","type-post","status-publish","format-standard","has-post-thumbnail","hentry","category-actus"],"_links":{"self":[{"href":"https:\/\/collectifwalden.fr\/blog\/wp-json\/wp\/v2\/posts\/70","targetHints":{"allow":["GET"]}}],"collection":[{"href":"https:\/\/collectifwalden.fr\/blog\/wp-json\/wp\/v2\/posts"}],"about":[{"href":"https:\/\/collectifwalden.fr\/blog\/wp-json\/wp\/v2\/types\/post"}],"author":[{"embeddable":true,"href":"https:\/\/collectifwalden.fr\/blog\/wp-json\/wp\/v2\/users\/3"}],"replies":[{"embeddable":true,"href":"https:\/\/collectifwalden.fr\/blog\/wp-json\/wp\/v2\/comments?post=70"}],"version-history":[{"count":1,"href":"https:\/\/collectifwalden.fr\/blog\/wp-json\/wp\/v2\/posts\/70\/revisions"}],"predecessor-version":[{"id":72,"href":"https:\/\/collectifwalden.fr\/blog\/wp-json\/wp\/v2\/posts\/70\/revisions\/72"}],"wp:featuredmedia":[{"embeddable":true,"href":"https:\/\/collectifwalden.fr\/blog\/wp-json\/wp\/v2\/media\/71"}],"wp:attachment":[{"href":"https:\/\/collectifwalden.fr\/blog\/wp-json\/wp\/v2\/media?parent=70"}],"wp:term":[{"taxonomy":"category","embeddable":true,"href":"https:\/\/collectifwalden.fr\/blog\/wp-json\/wp\/v2\/categories?post=70"},{"taxonomy":"post_tag","embeddable":true,"href":"https:\/\/collectifwalden.fr\/blog\/wp-json\/wp\/v2\/tags?post=70"}],"curies":[{"name":"wp","href":"https:\/\/api.w.org\/{rel}","templated":true}]}}