{"id":73,"date":"2026-02-23T19:14:17","date_gmt":"2026-02-23T18:14:17","guid":{"rendered":"https:\/\/collectifwalden.fr\/blog\/?p=73"},"modified":"2026-02-23T19:14:17","modified_gmt":"2026-02-23T18:14:17","slug":"quest-ce-que-letat-de-droit","status":"publish","type":"post","link":"https:\/\/collectifwalden.fr\/blog\/quest-ce-que-letat-de-droit\/","title":{"rendered":"Qu&rsquo;est ce que l&rsquo;Etat de Droit ?"},"content":{"rendered":"\n<p>Pourquoi et comment le prot\u00e9ger envers et contre tout (et tous)?<br><br>Pour en d\u00e9battre, la <a href=\"https:\/\/www.linkedin.com\/company\/librairie-47%C2%B0-nord\/\">Librairie 47\u00b0 Nord<\/a><br>invite <a href=\"https:\/\/www.linkedin.com\/in\/magali-lafourcade\/\">Magali Lafourcade<\/a>, magistrate, pour son dernier livre:<br><br>\u00ab\u00a0La Justice en proc\u00e8s &#8211; Les Populistes \u00e0 l\u2019assaut de l\u2019\u00c9tat de droit\u00a0\u00bb<br><br>Une seule date \u00e0 retenir :<br><br>\ud83d\udcc5 Mercredi 25 f\u00e9vrier \u00e0 20h \u2696\ufe0f\u2728<br><br>Un livre et une rencontre \u00e0 ne pas manquer sur les Fondamentaux de la Justice.<br><br>Les places sont limit\u00e9es, inscrivez-vous via la librairie d\u00e8s aujourd&rsquo;hui: <a href=\"https:\/\/urls.fr\/nb8ekc\">https:\/\/urls.fr\/nb8ekc<\/a> !<br><br><a href=\"https:\/\/www.linkedin.com\/search\/results\/all\/?keywords=%23etatdedroit&amp;origin=HASH_TAG_FROM_FEED\">hashtag#EtatDeDroit<\/a> <a href=\"https:\/\/www.linkedin.com\/search\/results\/all\/?keywords=%23justicehumaniste&amp;origin=HASH_TAG_FROM_FEED\">hashtag#JusticeHumaniste<\/a> <a href=\"https:\/\/www.linkedin.com\/search\/results\/all\/?keywords=%23mulhouse&amp;origin=HASH_TAG_FROM_FEED\">hashtag#Mulhouse<\/a> <a href=\"https:\/\/www.linkedin.com\/search\/results\/all\/?keywords=%23droitsdelhomme&amp;origin=HASH_TAG_FROM_FEED\">hashtag#DroitsDeLHomme<\/a><\/p>\n\n\n\n<figure class=\"wp-block-image size-full\"><img loading=\"lazy\" decoding=\"async\" width=\"723\" height=\"723\" src=\"https:\/\/collectifwalden.fr\/blog\/wp-content\/uploads\/2026\/02\/CW-230226.jpg\" alt=\"\" class=\"wp-image-74\" srcset=\"https:\/\/collectifwalden.fr\/blog\/wp-content\/uploads\/2026\/02\/CW-230226.jpg 723w, https:\/\/collectifwalden.fr\/blog\/wp-content\/uploads\/2026\/02\/CW-230226-300x300.jpg 300w, https:\/\/collectifwalden.fr\/blog\/wp-content\/uploads\/2026\/02\/CW-230226-150x150.jpg 150w\" sizes=\"auto, (max-width: 723px) 100vw, 723px\" \/><\/figure>\n","protected":false},"excerpt":{"rendered":"<p>Pourquoi et comment le prot\u00e9ger envers et contre tout (et tous)?<\/p>\n","protected":false},"author":3,"featured_media":74,"comment_status":"closed","ping_status":"open","sticky":false,"template":"","format":"standard","meta":{"footnotes":""},"categories":[2],"tags":[],"class_list":["post-73","post","type-post","status-publish","format-standard","has-post-thumbnail","hentry","category-actus"],"_links":{"self":[{"href":"https:\/\/collectifwalden.fr\/blog\/wp-json\/wp\/v2\/posts\/73","targetHints":{"allow":["GET"]}}],"collection":[{"href":"https:\/\/collectifwalden.fr\/blog\/wp-json\/wp\/v2\/posts"}],"about":[{"href":"https:\/\/collectifwalden.fr\/blog\/wp-json\/wp\/v2\/types\/post"}],"author":[{"embeddable":true,"href":"https:\/\/collectifwalden.fr\/blog\/wp-json\/wp\/v2\/users\/3"}],"replies":[{"embeddable":true,"href":"https:\/\/collectifwalden.fr\/blog\/wp-json\/wp\/v2\/comments?post=73"}],"version-history":[{"count":1,"href":"https:\/\/collectifwalden.fr\/blog\/wp-json\/wp\/v2\/posts\/73\/revisions"}],"predecessor-version":[{"id":75,"href":"https:\/\/collectifwalden.fr\/blog\/wp-json\/wp\/v2\/posts\/73\/revisions\/75"}],"wp:featuredmedia":[{"embeddable":true,"href":"https:\/\/collectifwalden.fr\/blog\/wp-json\/wp\/v2\/media\/74"}],"wp:attachment":[{"href":"https:\/\/collectifwalden.fr\/blog\/wp-json\/wp\/v2\/media?parent=73"}],"wp:term":[{"taxonomy":"category","embeddable":true,"href":"https:\/\/collectifwalden.fr\/blog\/wp-json\/wp\/v2\/categories?post=73"},{"taxonomy":"post_tag","embeddable":true,"href":"https:\/\/collectifwalden.fr\/blog\/wp-json\/wp\/v2\/tags?post=73"}],"curies":[{"name":"wp","href":"https:\/\/api.w.org\/{rel}","templated":true}]}}